{"id":727,"global_id":"paul-amar.com?id=727","global_id_lineage":["paul-amar.com?id=727"],"author":"1","status":"publish","date":"2025-08-28 14:40:10","date_utc":"2025-08-28 12:40:10","modified":"2025-09-12 17:08:04","modified_utc":"2025-09-12 15:08:04","url":"https:\/\/paul-amar.com\/index.php\/evenement\/yoga2-workshop-du-21-sept-2025-paris-avec-nastasia-et-son-hymalaian-kriya-yoga\/","rest_url":"https:\/\/paul-amar.com\/index.php\/wp-json\/tribe\/events\/v1\/events\/727","title":"YOGA2\u00ae : Workshop du 21 sept 2025 PARIS avec Nastasia et son Himalayan Kriya Yoga","description":"<p>Venez d\u00e9couvrir le 21 septembre 2025 notre proposition o\u00f9 le hymalian Kriya Yoga vient fusionner avec le Yoga Partner<\/p>\n<p>Pour mon 1er workshop Yoga2 j&rsquo;ai invit\u00e9 Nastasia dont j&rsquo;ai exp\u00e9riment\u00e9 l&rsquo;atelier cet \u00e9t\u00e9<\/p>\n<div class=\"et_pb_column et_pb_column_4_4 et_pb_column_0 et_pb_css_mix_blend_mode_passthrough et-last-child\">\n<div class=\"et_pb_module et_pb_text et_pb_text_0 et_pb_text_align_left et_pb_bg_layout_light\">\n<div class=\"et_pb_text_inner\">\n<p>Calendrier de mes \u00e9v\u00e9nements YOGA2\u00ae\u00a0 sur fb : <a href=\"https:\/\/www.facebook.com\/paul.amar.75\/\">https:\/\/www.facebook.com\/paul.amar.75\/<\/a><\/p>\n<p>&nbsp;<\/p>\n<p><strong>YOGA2\u00ae : Quel style de yoga ?<\/strong><\/p>\n<p>Encore peu propos\u00e9 en France : c\u2019est un yoga contemporain, dit Yoga partner, pratiqu\u00e9 dans l\u2019humour, le jeu et la complicit\u00e9 ; il d\u00e9veloppe singuli\u00e8rement l\u2019\u00e9coute globale, la connexion et l\u2019harmonisation de la relation \u00e0 l\u2019autre.<\/p>\n<p>C\u2019est un yoga ludique, sensoriel et relationnel\u2026 et pour autant, dr\u00f4lement efficace !<\/p>\n<p>Pour autant, ce n\u2019est pas de l\u2019acroyoga, pas d\u2019acrobatie : Le yoga2 est accessible \u00e0 TOUS !<\/p>\n<\/div>\n<p>Dates et horaires :<\/p>\n<p>Dimanche 21 septembre 2025 \u00e0 de 14h \u00e0 18h<br \/>\naccueil \u00e0 partir de 13h45<br \/>\nFermeture des portes : 14h<\/p>\n<p><strong>Pour qui ?<\/strong><\/p>\n<p>Tous niveaux \u2013 d\u00e9butant(e)s bienvenu(e)s<br \/>\nEn solo, en couple ou en groupe<\/p>\n<p><strong>Les facilitateurs :<\/strong><\/p>\n<p>Nastasia : Professeur de Yoga, form\u00e9e \u00e0 l\u2019Himalayan Kriya yoga, certifi\u00e9e Yoga Alliance<br \/>\nPaul Raj : Professeur de Yoga multistyle (hatha, power, Vinyasa..), certifi\u00e9 Yoga Alliance<\/p>\n<p><strong>INFOS PRATIQUES :<\/strong><\/p>\n<p>Lieu : Le loft Lechapelais Paris 17eme<\/p>\n<p>Acc\u00e8s : m\u00e9tro La fourche<\/p>\n<p><strong>Mat\u00e9riel \u00e0 apporter :<\/strong><\/p>\n<ul>\n<li>Votre gourde eau<\/li>\n<li>Votre tapis de yoga pr\u00e9f\u00e9r\u00e9 (sinon, il y en a sur place)<\/li>\n<li>Une tenue souple et confortable<\/li>\n<\/ul>\n<\/div>\n<\/div>\n<p><strong>Quels b\u00e9n\u00e9fices \u00e0 venir \u00e0 mes ateliers mensuels ? <\/strong><\/p>\n<ul class=\"wp-block-list\">\n<li style=\"list-style-type: none;\">\n<ul class=\"wp-block-list\">\n<li>un yoga qui vous rajeunira de 10 ans tout en s\u2019amusant\u00a0 (c\u2019est pour rire, enfin, \u2026pas que)<\/li>\n<\/ul>\n<\/li>\n<\/ul>\n<ul class=\"wp-block-list\">\n<li style=\"list-style-type: none;\">\n<ul class=\"wp-block-list\">\n<li>\u00a0id\u00e9al pour faire de belles rencontres avec de belles personnes<\/li>\n<\/ul>\n<\/li>\n<\/ul>\n<ul class=\"wp-block-list\">\n<li style=\"list-style-type: none;\">\n<ul class=\"wp-block-list\">\n<li>un yoga restoratif qui vous \u00e9vitera des rides disgracieuses de s\u00e9rieusit\u00e9 sur votre visage, \u00a0pour vous rendre votre teint lumineux\u00a0et rayonnant<\/li>\n<\/ul>\n<\/li>\n<\/ul>\n<ul class=\"wp-block-list\">\n<li style=\"list-style-type: none;\">\n<ul class=\"wp-block-list\">\n<li>un yoga relationnel ou l\u2019on a le droit de parler et qui vous permettra de faire connaissance avec de nouveaux partenaires de yoga (ou de vie, qui sait ?)<\/li>\n<\/ul>\n<\/li>\n<\/ul>\n<ul class=\"wp-block-list\">\n<li style=\"list-style-type: none;\">\n<ul class=\"wp-block-list\">\n<li>Un yoga qui int\u00e8gre l\u2019apprentissage du consentement et du respect de soi et de l\u2019autre<\/li>\n<\/ul>\n<\/li>\n<\/ul>\n<ul class=\"wp-block-list\">\n<li style=\"list-style-type: none;\">\n<ul class=\"wp-block-list\">\n<li>Un yoga respiratoire pour \u00e9viter les inconv\u00e9nients du jetlag, de la gueule de bois, des repas trop copieux et la fatigue de conduite<\/li>\n<\/ul>\n<\/li>\n<\/ul>\n<ul class=\"wp-block-list\">\n<li style=\"list-style-type: none;\">\n<ul class=\"wp-block-list\">\n<li>Un yoga sensoriel qui invite \u00e0 parler, \u00e0 se toucher pour se parer, s\u2019entraider ou faire des postures \u00e0 plusieurs<\/li>\n<\/ul>\n<\/li>\n<\/ul>\n<ul class=\"wp-block-list\">\n<li style=\"list-style-type: none;\">\n<ul class=\"wp-block-list\">\n<li>Un yoga parfois d\u00e9jant\u00e9 pour rire et lib\u00e9rer des hormones du plaisir avec des astuces et des tips pour des relations intimes plus \u00e9panouies<\/li>\n<\/ul>\n<\/li>\n<\/ul>\n<ul class=\"wp-block-list\">\n<li style=\"list-style-type: none;\">\n<ul class=\"wp-block-list\">\n<li>Un yoga fun qui fait aimer le yoga \u00e0 ceux qui d\u00e9teste le yoga<\/li>\n<\/ul>\n<\/li>\n<\/ul>\n<ul class=\"wp-block-list\">\n<li style=\"list-style-type: none;\">\n<ul class=\"wp-block-list\">\n<li>Un yoga pour se surprendre et s\u2019\u00e9tonner dans le jeu et la beaut\u00e9, tr\u00e8s compl\u00e9mentaire \u00e0 vos cours de yoga hebdomadaires<\/li>\n<\/ul>\n<\/li>\n<\/ul>\n<p><strong>Programme :<\/strong><\/p>\n<p>Pour ce workshop de 4h, vous aurez :<\/p>\n<ul>\n<li>Un accueil chaleureux avec une pr\u00e9sentation\u00a0 et un cercle de parole de comment cela va se d\u00e9rouler<\/li>\n<li>1 heure de Hymalaian Kriya Yoga\u00a0 incluant une\u00a0relaxation guid\u00e9e\u00a0avec Nastasia<\/li>\n<li>Une pause avec boisson bienfaisante<\/li>\n<li>Une heure et demie de Yoga partner avec Paul Raj, tout en douceur\u00a0 incluant une partie cr\u00e9ative et harmonisante<\/li>\n<li>Un moment de socialisation pour se rencontrer et \u00e9changer<\/li>\n<li>Une\u00a0\u00a0cl\u00f4ture collective<\/li>\n<\/ul>\n<p><strong>Tarifs lancement incluant animation, salle et boisson<\/strong><\/p>\n<ul>\n<li>Tarif solo : 50 \u20ac \/p<\/li>\n<li>Tarif duo ou couple : 45 \u20ac \/ p<\/li>\n<li>Tarif groupe (plus de 3 personnes) : 40 \u20ac \/p<\/li>\n<\/ul>\n<p>Venez nombreux pour d\u00e9couvrir notre proposition<\/p>\n<p>Chaleureusement,<\/p>\n<p><strong>Nastasia &amp; Paul Raj<\/strong><\/p>\n<p>&nbsp;<\/p>","excerpt":"<p>Cet \u00e9v\u00e9nement correspond au lancement de mes ateliers mensuels de Yoga2 : rires, fun, \u00e9coute, intelligent, relationnel,  rencontres&#8230;.pour ce Yoga Partner original<\/p>","slug":"yoga2-workshop-du-21-sept-2025-paris-avec-nastasia-et-son-hymalaian-kriya-yoga","image":{"url":"https:\/\/paul-amar.com\/wp-content\/uploads\/2025\/08\/NAstasia-et-Paul-Raj-21-septembre-2025-14h-18h-HD.png","id":729,"extension":"png","width":2048,"height":1820,"filesize":9498702,"sizes":{"medium":{"width":300,"height":267,"mime-type":"image\/png","filesize":68416,"url":"https:\/\/paul-amar.com\/wp-content\/uploads\/2025\/08\/NAstasia-et-Paul-Raj-21-septembre-2025-14h-18h-HD-300x267.png"},"large":{"width":1024,"height":910,"mime-type":"image\/png","filesize":589263,"url":"https:\/\/paul-amar.com\/wp-content\/uploads\/2025\/08\/NAstasia-et-Paul-Raj-21-septembre-2025-14h-18h-HD-1024x910.png"},"thumbnail":{"width":150,"height":150,"mime-type":"image\/png","filesize":21892,"url":"https:\/\/paul-amar.com\/wp-content\/uploads\/2025\/08\/NAstasia-et-Paul-Raj-21-septembre-2025-14h-18h-HD-150x150.png"},"medium_large":{"width":768,"height":683,"mime-type":"image\/png","filesize":358942,"url":"https:\/\/paul-amar.com\/wp-content\/uploads\/2025\/08\/NAstasia-et-Paul-Raj-21-septembre-2025-14h-18h-HD-768x683.png"},"1536x1536":{"width":1536,"height":1365,"mime-type":"image\/png","filesize":1182228,"url":"https:\/\/paul-amar.com\/wp-content\/uploads\/2025\/08\/NAstasia-et-Paul-Raj-21-septembre-2025-14h-18h-HD-1536x1365.png"},"et-pb-post-main-image":{"width":400,"height":250,"mime-type":"image\/png","filesize":81279,"url":"https:\/\/paul-amar.com\/wp-content\/uploads\/2025\/08\/NAstasia-et-Paul-Raj-21-septembre-2025-14h-18h-HD-400x250.png"},"et-pb-post-main-image-fullwidth":{"width":1080,"height":675,"mime-type":"image\/png","filesize":460283,"url":"https:\/\/paul-amar.com\/wp-content\/uploads\/2025\/08\/NAstasia-et-Paul-Raj-21-septembre-2025-14h-18h-HD-1080x675.png"},"et-pb-portfolio-image":{"width":400,"height":284,"mime-type":"image\/png","filesize":91620,"url":"https:\/\/paul-amar.com\/wp-content\/uploads\/2025\/08\/NAstasia-et-Paul-Raj-21-septembre-2025-14h-18h-HD-400x284.png"},"et-pb-portfolio-module-image":{"width":510,"height":382,"mime-type":"image\/png","filesize":148633,"url":"https:\/\/paul-amar.com\/wp-content\/uploads\/2025\/08\/NAstasia-et-Paul-Raj-21-septembre-2025-14h-18h-HD-510x382.png"},"et-pb-portfolio-image-single":{"width":1080,"height":960,"mime-type":"image\/png","filesize":649061,"url":"https:\/\/paul-amar.com\/wp-content\/uploads\/2025\/08\/NAstasia-et-Paul-Raj-21-septembre-2025-14h-18h-HD-1080x960.png"},"et-pb-gallery-module-image-portrait":{"width":400,"height":516,"mime-type":"image\/png","filesize":146283,"url":"https:\/\/paul-amar.com\/wp-content\/uploads\/2025\/08\/NAstasia-et-Paul-Raj-21-septembre-2025-14h-18h-HD-400x516.png"},"et-pb-post-main-image-fullwidth-large":{"width":2048,"height":1800,"mime-type":"image\/png","filesize":2007624,"url":"https:\/\/paul-amar.com\/wp-content\/uploads\/2025\/08\/NAstasia-et-Paul-Raj-21-septembre-2025-14h-18h-HD-2048x1800.png"},"et-pb-image--responsive--desktop":{"width":1280,"height":1138,"mime-type":"image\/png","filesize":868868,"url":"https:\/\/paul-amar.com\/wp-content\/uploads\/2025\/08\/NAstasia-et-Paul-Raj-21-septembre-2025-14h-18h-HD-1280x1138.png"},"et-pb-image--responsive--tablet":{"width":980,"height":871,"mime-type":"image\/png","filesize":547714,"url":"https:\/\/paul-amar.com\/wp-content\/uploads\/2025\/08\/NAstasia-et-Paul-Raj-21-septembre-2025-14h-18h-HD-980x871.png"},"et-pb-image--responsive--phone":{"width":480,"height":427,"mime-type":"image\/png","filesize":157292,"url":"https:\/\/paul-amar.com\/wp-content\/uploads\/2025\/08\/NAstasia-et-Paul-Raj-21-septembre-2025-14h-18h-HD-480x427.png"}}},"all_day":false,"start_date":"2025-09-21 14:00:00","start_date_details":{"year":"2025","month":"09","day":"21","hour":"14","minutes":"00","seconds":"00"},"end_date":"2025-09-21 14:00:00","end_date_details":{"year":"2025","month":"09","day":"21","hour":"14","minutes":"00","seconds":"00"},"utc_start_date":"2025-09-21 12:00:00","utc_start_date_details":{"year":"2025","month":"09","day":"21","hour":"12","minutes":"00","seconds":"00"},"utc_end_date":"2025-09-21 12:00:00","utc_end_date_details":{"year":"2025","month":"09","day":"21","hour":"12","minutes":"00","seconds":"00"},"timezone":"Europe\/Paris","timezone_abbr":"CEST","cost":"\u20ac50","cost_details":{"currency_symbol":"\u20ac","currency_code":"EUR","currency_position":"prefix","values":["50"]},"website":"","show_map":false,"show_map_link":false,"hide_from_listings":false,"sticky":false,"featured":false,"categories":[{"name":"Yoga","slug":"yoga","term_group":0,"term_taxonomy_id":12,"taxonomy":"tribe_events_cat","description":"","parent":0,"count":4,"filter":"raw","id":12,"urls":{"self":"https:\/\/paul-amar.com\/index.php\/wp-json\/tribe\/events\/v1\/categories\/12","collection":"https:\/\/paul-amar.com\/index.php\/wp-json\/tribe\/events\/v1\/categories"}}],"tags":[],"venue":{"id":732,"author":"1","status":"publish","date":"2025-08-28 14:42:41","date_utc":"2025-08-28 12:42:41","modified":"2025-08-28 14:42:41","modified_utc":"2025-08-28 12:42:41","url":"https:\/\/paul-amar.com\/index.php\/lieu\/le-loft\/","venue":"LE LOFT","slug":"le-loft","city":"PARIS","country":"France","zip":"75017","json_ld":{"@type":"Place","name":"LE LOFT","description":"","url":"","address":{"@type":"PostalAddress","addressLocality":"PARIS","postalCode":"75017","addressCountry":"France"},"telephone":"","sameAs":""},"show_map":true,"show_map_link":true,"global_id":"paul-amar.com?id=732","global_id_lineage":["paul-amar.com?id=732"]},"organizer":[{"id":518,"author":"1","status":"publish","date":"2024-08-23 15:20:58","date_utc":"2024-08-23 13:20:58","modified":"2024-08-23 15:20:58","modified_utc":"2024-08-23 13:20:58","url":"https:\/\/paul-amar.com\/index.php\/organisateur\/paul-amar\/","organizer":"Paul AMAR","slug":"paul-amar","json_ld":{"@type":"Person","name":"Paul AMAR","description":"","url":"","telephone":"","email":"","sameAs":""},"global_id":"paul-amar.com?id=518","global_id_lineage":["paul-amar.com?id=518"]}],"custom_fields":[],"json_ld":{"@context":"http:\/\/schema.org","@type":"Event","name":"YOGA2\u00ae : Workshop du 21 sept 2025 PARIS avec Nastasia et son Himalayan Kriya Yoga","description":"&lt;p&gt;Cet \u00e9v\u00e9nement correspond au lancement de mes ateliers mensuels de Yoga2 : rires, fun, \u00e9coute, intelligent, relationnel,  rencontres....pour ce Yoga Partner original&lt;\/p&gt;\\n","image":"https:\/\/paul-amar.com\/wp-content\/uploads\/2025\/08\/NAstasia-et-Paul-Raj-21-septembre-2025-14h-18h-HD.png","url":"https:\/\/paul-amar.com\/index.php\/evenement\/yoga2-workshop-du-21-sept-2025-paris-avec-nastasia-et-son-hymalaian-kriya-yoga\/","eventAttendanceMode":"https:\/\/schema.org\/OfflineEventAttendanceMode","eventStatus":"https:\/\/schema.org\/EventScheduled","startDate":"2025-09-21T14:00:00+02:00","endDate":"2025-09-21T14:00:00+02:00","location":{"@type":"Place","name":"LE LOFT","description":"","url":"","address":{"@type":"PostalAddress","addressLocality":"PARIS","postalCode":"75017","addressCountry":"France"},"telephone":"","sameAs":""},"organizer":{"@type":"Person","name":"Paul AMAR","description":"","url":"","telephone":"","email":"","sameAs":""},"offers":{"@type":"Offer","price":"50","priceCurrency":"EUR","url":"https:\/\/paul-amar.com\/index.php\/evenement\/yoga2-workshop-du-21-sept-2025-paris-avec-nastasia-et-son-hymalaian-kriya-yoga\/","category":"primary","availability":"inStock","validFrom":"1970-01-01T00:00:00+00:00"},"performer":"Organization"}}